{"id":7829,"date":"2016-08-16T10:38:12","date_gmt":"2016-08-16T10:38:12","guid":{"rendered":"http:\/\/cute.si\/cutelife\/?p=7829"},"modified":"2016-08-21T16:35:09","modified_gmt":"2016-08-21T16:35:09","slug":"mercedes-benz-fashion-week-ljubljana-prihaja-22-oktobra","status":"publish","type":"post","link":"https:\/\/cute.si\/cutelife\/mercedes-benz-fashion-week-ljubljana-prihaja-22-oktobra\/","title":{"rendered":"Mercedes-Benz Fashion Week Ljubljana prihaja 22. oktobra"},"content":{"rendered":"<p><strong><a href=\"http:\/\/bit.ly\/1VirkrW\" target=\"_blank\">Mercedes-Benz Fashion Week Ljubljana<\/a><\/strong> v Cankarjev dom ponovno prihaja 22. oktobra.<\/p>\n<blockquote><p>V osrednji slovenski kulturni ustanovi bo mednarodni premium teden mode ponudil fotografsko razstavo, modni performans, filmoteko, modne revije, podelitev Mercedes-Benz Fashion Award ter razko\u0161en spremljevalni in dru\u017eabni program.<\/p><\/blockquote>\n<p>Tudi tokrat v Ljubljano prihajajo najbolj plodni oblikovalci iz regije in Evrope.<br \/>\nOktobrska edicija MBFWLJ modnim oblikovalcem premierno ponuja izbiro med prikazom <strong>See now \/ Buy now<\/strong> kolekcij ter sezonskih kolekcij. To pomeni, da bodo oblikovalci na prihajajo\u010di ediciji MBFWLJ lahko predstavljali tako kolekcije s teko\u010de sezone, kot kolekcije za pomlad in poletje 2017. Poleg tega pa bodo po predstavitvi svojih kolekcij dobili ekskluzivno prilo\u017enost za tr\u017eenje in prodajo svojih obla\u010dil tudi na ekskluzivni lokaciji v Berlinu.<\/p>\n<p><a href=\"http:\/\/cute.si\/cutelife\/wp-content\/uploads\/2016\/08\/MBFWLJ-oktober-2016-02.jpg\" rel=\"mfp\"><img loading=\"lazy\" class=\"aligncenter size-large wp-image-7832 lazyload\" src=\"data:image\/gif;base64,R0lGODlhAQABAAAAACH5BAEKAAEALAAAAAABAAEAAAICTAEAOw==\" data-src=\"http:\/\/cute.si\/cutelife\/wp-content\/uploads\/2016\/08\/MBFWLJ-oktober-2016-02-1024x768.jpg\" alt=\"MBFWLJ oktober 2016 #02\" width=\"1024\" height=\"768\" data-sizes=\"auto\" data-srcset=\"https:\/\/cute.si\/cutelife\/wp-content\/uploads\/2016\/08\/MBFWLJ-oktober-2016-02-1024x768.jpg 1024w, https:\/\/cute.si\/cutelife\/wp-content\/uploads\/2016\/08\/MBFWLJ-oktober-2016-02-300x225.jpg 300w, https:\/\/cute.si\/cutelife\/wp-content\/uploads\/2016\/08\/MBFWLJ-oktober-2016-02-800x600.jpg 800w, https:\/\/cute.si\/cutelife\/wp-content\/uploads\/2016\/08\/MBFWLJ-oktober-2016-02-600x450.jpg 600w, https:\/\/cute.si\/cutelife\/wp-content\/uploads\/2016\/08\/MBFWLJ-oktober-2016-02.jpg 1085w\" sizes=\"(max-width: 1024px) 100vw, 1024px\" \/><\/a><\/p>\n<blockquote><p>MBFWLJ s tem poleg strokovnih, umetni\u0161kih in prijateljskih vezi v sebi nosi izjemen mednarodni gospodarski pogon.<\/p><\/blockquote>\n<p>Sa\u0161o Radovi\u010d, programski in umetni\u0161ki direktor MBFWLJ, ob hitro rasto\u010dem \u0161tevilu sledilcev #MBFWLJ v oktobrski ediciji modnim oblikovalcem ponuja umetni\u0161ko svobodo pri odlo\u010ditvi za predstavitev kolekcije jesen \/ zima ali pomlad \/ poletje. Obiskovalci ter doma\u010di in tuji mediji ob tem lahko pri\u010dakujejo resni\u010dno razko\u0161en program.<br \/>\nNapovedane novosti v slovenskem prostoru pozdravlja tudi predstavnica blagovne znamke Mercedes-Benz v Sloveniji Metka Kej\u017ear. \u00bbV sodelovanju z nem\u0161kimi kolegi in agencijo Pristop pripravljamo doslej najbolj razburljivo edicijo. V Cankarjev dom prihajajo mnogi novi ustvarjalci in izjemno nas veseli, da je tudi tokrat Mercedes-Benz Fashion Week gostitelj najbolj\u0161ih.\u00ab<\/p>\n<p><a href=\"http:\/\/cute.si\/cutelife\/wp-content\/uploads\/2016\/08\/MBFWLJ-oktober-2016-01.jpg\" rel=\"mfp\"><img loading=\"lazy\" class=\"aligncenter size-full wp-image-7831 lazyload\" src=\"data:image\/gif;base64,R0lGODlhAQABAAAAACH5BAEKAAEALAAAAAABAAEAAAICTAEAOw==\" data-src=\"http:\/\/cute.si\/cutelife\/wp-content\/uploads\/2016\/08\/MBFWLJ-oktober-2016-01.jpg\" alt=\"MBFWLJ oktober 2016 #01\" width=\"1008\" height=\"757\" data-sizes=\"auto\" data-srcset=\"https:\/\/cute.si\/cutelife\/wp-content\/uploads\/2016\/08\/MBFWLJ-oktober-2016-01.jpg 1008w, https:\/\/cute.si\/cutelife\/wp-content\/uploads\/2016\/08\/MBFWLJ-oktober-2016-01-300x225.jpg 300w, https:\/\/cute.si\/cutelife\/wp-content\/uploads\/2016\/08\/MBFWLJ-oktober-2016-01-800x600.jpg 800w, https:\/\/cute.si\/cutelife\/wp-content\/uploads\/2016\/08\/MBFWLJ-oktober-2016-01-600x451.jpg 600w\" sizes=\"(max-width: 1008px) 100vw, 1008px\" \/><\/a><\/p>\n<p>&nbsp;<\/p>\n<p>Foto in material: <strong><a href=\"http:\/\/bit.ly\/1VirkrW\" target=\"_blank\">MBFWLJ<\/a><\/strong><\/p>\n","protected":false},"excerpt":{"rendered":"<p>Mercedes-Benz Fashion Week Ljubljana v Cankarjev dom ponovno prihaja 22. oktobra. V osrednji slovenski kulturni ustanovi bo mednarodni premium teden mode ponudil fotografsko razstavo, modni performans, filmoteko, modne revije, podelitev Mercedes-Benz Fashion Award ter razko\u0161en spremljevalni in dru\u017eabni program. Tudi tokrat v Ljubljano prihajajo najbolj plodni oblikovalci iz regije in Evrope. Oktobrska edicija MBFWLJ modnim&hellip;<\/p>\n","protected":false},"author":3,"featured_media":7830,"comment_status":"closed","ping_status":"closed","sticky":false,"template":"","format":"image","meta":[],"categories":[325,5],"tags":[409,1648,858,670,1885,2103],"thb-sponsors":[],"_links":{"self":[{"href":"https:\/\/cute.si\/cutelife\/wp-json\/wp\/v2\/posts\/7829"}],"collection":[{"href":"https:\/\/cute.si\/cutelife\/wp-json\/wp\/v2\/posts"}],"about":[{"href":"https:\/\/cute.si\/cutelife\/wp-json\/wp\/v2\/types\/post"}],"author":[{"embeddable":true,"href":"https:\/\/cute.si\/cutelife\/wp-json\/wp\/v2\/users\/3"}],"replies":[{"embeddable":true,"href":"https:\/\/cute.si\/cutelife\/wp-json\/wp\/v2\/comments?post=7829"}],"version-history":[{"count":2,"href":"https:\/\/cute.si\/cutelife\/wp-json\/wp\/v2\/posts\/7829\/revisions"}],"predecessor-version":[{"id":7882,"href":"https:\/\/cute.si\/cutelife\/wp-json\/wp\/v2\/posts\/7829\/revisions\/7882"}],"wp:featuredmedia":[{"embeddable":true,"href":"https:\/\/cute.si\/cutelife\/wp-json\/wp\/v2\/media\/7830"}],"wp:attachment":[{"href":"https:\/\/cute.si\/cutelife\/wp-json\/wp\/v2\/media?parent=7829"}],"wp:term":[{"taxonomy":"category","embeddable":true,"href":"https:\/\/cute.si\/cutelife\/wp-json\/wp\/v2\/categories?post=7829"},{"taxonomy":"post_tag","embeddable":true,"href":"https:\/\/cute.si\/cutelife\/wp-json\/wp\/v2\/tags?post=7829"},{"taxonomy":"thb-sponsors","embeddable":true,"href":"https:\/\/cute.si\/cutelife\/wp-json\/wp\/v2\/thb-sponsors?post=7829"}],"curies":[{"name":"wp","href":"https:\/\/api.w.org\/{rel}","templated":true}]}}