{"id":6360,"date":"2016-05-04T21:14:40","date_gmt":"2016-05-04T21:14:40","guid":{"rendered":"http:\/\/cute.si\/cutelife\/?p=6360"},"modified":"2016-05-04T21:14:40","modified_gmt":"2016-05-04T21:14:40","slug":"petra-nemcova-kmalu-v-ljubljani","status":"publish","type":"post","link":"https:\/\/cute.si\/cutelife\/petra-nemcova-kmalu-v-ljubljani\/","title":{"rendered":"Petra N\u011bmcov\u00e1 kmalu v Ljubljani!"},"content":{"rendered":"<p class=\"Default\">\n<blockquote>\n<p class=\"Default\">Presti\u017ena nem\u0161ka avtomobilska znamka napoveduje prihod druge edicije tedna mode Mercedes\u2013Benz Fashion Week Ljubljana. Tako v Ljubljano med 22. in 24. majem prihajajo prave zvezde.<\/p>\n<\/blockquote>\n<p class=\"Default\"><strong>Mercedes\u2013Benz Fashion Week Ljubljana<\/strong>, #MBFWLJ v Slovenijo in regijo prina\u0161a poleg izjemenega razvojnega potenciala, ki temelji na mednarodnih povezavah in strokovnemu delu, tudi svetovno znana imena.<\/p>\n<p class=\"Default\"><strong>Petra N\u011bmcov\u00e1<\/strong>, na \u010de\u0161kem rojena lepotica, ki v Ljubljano prihaja 23. maja, je svetovljanka po du\u0161i in po poklicu.<\/p>\n<blockquote>\n<p class=\"Default\">Po izjemni preizku\u0161nji, ko je na tajskem otoku Khao Lak leta 2004 pre\u017eivela cunami, je natanko pred desetimi leti zagnala dobrodelno organizacijo Happy Heart Fund.<\/p>\n<\/blockquote>\n<p class=\"Default\">Ta je v preteklem desetletju omogo\u010dila zagon ve\u010d kot 100 varnih domov in \u0161ol in otrokom, ki so izgubili svoje star\u0161e pomagala na njihovi poti do vklju\u010devanja v dru\u017ebo in izgradnje novih lokalnih skupnosti.<\/p>\n<figure id=\"attachment_6363\" aria-describedby=\"caption-attachment-6363\" style=\"width: 1024px\" class=\"wp-caption aligncenter\"><a href=\"http:\/\/cute.si\/cutelife\/wp-content\/uploads\/2016\/05\/Petra-N\u011bmcov\u00e1-na-MBFWLJ-03.jpg\" rel=\"mfp\"><img loading=\"lazy\" class=\"wp-image-6363 size-large lazyload\" src=\"data:image\/gif;base64,R0lGODlhAQABAAAAACH5BAEKAAEALAAAAAABAAEAAAICTAEAOw==\" data-src=\"http:\/\/cute.si\/cutelife\/wp-content\/uploads\/2016\/05\/Petra-N\u011bmcov\u00e1-na-MBFWLJ-03-1024x596.jpg\" alt=\"Petra N\u011bmcov\u00e1 na MBFWLJ #03\" width=\"1024\" height=\"596\" data-sizes=\"auto\" data-srcset=\"https:\/\/cute.si\/cutelife\/wp-content\/uploads\/2016\/05\/Petra-N\u011bmcov\u00e1-na-MBFWLJ-03-1024x596.jpg 1024w, https:\/\/cute.si\/cutelife\/wp-content\/uploads\/2016\/05\/Petra-N\u011bmcov\u00e1-na-MBFWLJ-03-300x175.jpg 300w, https:\/\/cute.si\/cutelife\/wp-content\/uploads\/2016\/05\/Petra-N\u011bmcov\u00e1-na-MBFWLJ-03-600x349.jpg 600w\" sizes=\"(max-width: 1024px) 100vw, 1024px\" \/><\/a><figcaption id=\"caption-attachment-6363\" class=\"wp-caption-text\">Petrino izjemno altruisti\u010dno in \u010dlovekoljubno bit in vodilo v \u017eivljenju, je prepoznala tudi znamka Mercedes-Benz in Petro N\u011bmcovo povabila k sodelovanju. Petra je tako postala obraz novega razreda GLC, ki jo spremlja na vseh njenih poteh, tako v metropolah kot na brezpotjih.<\/figcaption><\/figure>\n<p>&nbsp;<\/p>\n<figure id=\"attachment_6361\" aria-describedby=\"caption-attachment-6361\" style=\"width: 1024px\" class=\"wp-caption aligncenter\"><img loading=\"lazy\" class=\"wp-image-6361 size-large lazyload\" src=\"data:image\/gif;base64,R0lGODlhAQABAAAAACH5BAEKAAEALAAAAAABAAEAAAICTAEAOw==\" data-src=\"http:\/\/cute.si\/cutelife\/wp-content\/uploads\/2016\/05\/Petra-N\u011bmcov\u00e1-na-MBFWLJ-04-1024x683.jpg\" alt=\"Petra N\u011bmcov\u00e1 na MBFWLJ #04\" width=\"1024\" height=\"683\" data-sizes=\"auto\" data-srcset=\"https:\/\/cute.si\/cutelife\/wp-content\/uploads\/2016\/05\/Petra-N\u011bmcov\u00e1-na-MBFWLJ-04-1024x683.jpg 1024w, https:\/\/cute.si\/cutelife\/wp-content\/uploads\/2016\/05\/Petra-N\u011bmcov\u00e1-na-MBFWLJ-04-300x200.jpg 300w, https:\/\/cute.si\/cutelife\/wp-content\/uploads\/2016\/05\/Petra-N\u011bmcov\u00e1-na-MBFWLJ-04-600x400.jpg 600w\" sizes=\"(max-width: 1024px) 100vw, 1024px\" \/><figcaption id=\"caption-attachment-6361\" class=\"wp-caption-text\">Petra se rada po\u0161ali, da je novi GLC podobno nezaustavljiv, kot njena volja za premagovanje izzivov.\u00a0<\/figcaption><\/figure>\n<p class=\"Default\">\n<p class=\"Default\">\u00a0Foto: Promo<\/p>\n<p class=\"Default\">\n","protected":false},"excerpt":{"rendered":"<p>Presti\u017ena nem\u0161ka avtomobilska znamka napoveduje prihod druge edicije tedna mode Mercedes\u2013Benz Fashion Week Ljubljana. Tako v Ljubljano med 22. in 24. majem prihajajo prave zvezde. Mercedes\u2013Benz Fashion Week Ljubljana, #MBFWLJ v Slovenijo in regijo prina\u0161a poleg izjemenega razvojnega potenciala, ki temelji na mednarodnih povezavah in strokovnemu delu, tudi svetovno znana imena. Petra N\u011bmcov\u00e1, na \u010de\u0161kem&hellip;<\/p>\n","protected":false},"author":3,"featured_media":6362,"comment_status":"closed","ping_status":"closed","sticky":false,"template":"","format":"image","meta":[],"categories":[3,5,886],"tags":[409,117,1648,670,1758],"thb-sponsors":[],"_links":{"self":[{"href":"https:\/\/cute.si\/cutelife\/wp-json\/wp\/v2\/posts\/6360"}],"collection":[{"href":"https:\/\/cute.si\/cutelife\/wp-json\/wp\/v2\/posts"}],"about":[{"href":"https:\/\/cute.si\/cutelife\/wp-json\/wp\/v2\/types\/post"}],"author":[{"embeddable":true,"href":"https:\/\/cute.si\/cutelife\/wp-json\/wp\/v2\/users\/3"}],"replies":[{"embeddable":true,"href":"https:\/\/cute.si\/cutelife\/wp-json\/wp\/v2\/comments?post=6360"}],"version-history":[{"count":1,"href":"https:\/\/cute.si\/cutelife\/wp-json\/wp\/v2\/posts\/6360\/revisions"}],"predecessor-version":[{"id":6364,"href":"https:\/\/cute.si\/cutelife\/wp-json\/wp\/v2\/posts\/6360\/revisions\/6364"}],"wp:featuredmedia":[{"embeddable":true,"href":"https:\/\/cute.si\/cutelife\/wp-json\/wp\/v2\/media\/6362"}],"wp:attachment":[{"href":"https:\/\/cute.si\/cutelife\/wp-json\/wp\/v2\/media?parent=6360"}],"wp:term":[{"taxonomy":"category","embeddable":true,"href":"https:\/\/cute.si\/cutelife\/wp-json\/wp\/v2\/categories?post=6360"},{"taxonomy":"post_tag","embeddable":true,"href":"https:\/\/cute.si\/cutelife\/wp-json\/wp\/v2\/tags?post=6360"},{"taxonomy":"thb-sponsors","embeddable":true,"href":"https:\/\/cute.si\/cutelife\/wp-json\/wp\/v2\/thb-sponsors?post=6360"}],"curies":[{"name":"wp","href":"https:\/\/api.w.org\/{rel}","templated":true}]}}